{"id":6838,"date":"2017-03-07T11:00:33","date_gmt":"2017-03-07T10:00:33","guid":{"rendered":"https:\/\/www.diedruckerei.de\/magazin\/?p=6838"},"modified":"2025-04-29T09:26:21","modified_gmt":"2025-04-29T07:26:21","slug":"tutoriel-creation-banderole","status":"publish","type":"post","link":"https:\/\/fr.onlineprinters.ch\/blog\/tutoriel-creation-banderole\/","title":{"rendered":"Conception d\u2019une banderole publicitaire pour l\u2019entreprise AHOJ! Souvenirmanufaktur"},"content":{"rendered":"<p>Les banderoles PVC sont un formidable outil qui vous garantit que la pr\u00e9sentation de votre marque ne passera pas inaper\u00e7ue. Dans les halls d&rsquo;exposition, sur les cl\u00f4tures ou lors d&rsquo;\u00e9v\u00e9nements sportifs, ces grands classiques accrochent tr\u00e8s vite tous les regards. Nous avons r\u00e9cemment donn\u00e9 \u00e0 nos fans facebook l&rsquo;occasion de constater par eux-m\u00eames les qualit\u00e9s de ce support publicitaire. La soci\u00e9t\u00e9 AHOJ! Souvenirmanufaktur de Berlin a gagn\u00e9 notre concours sp\u00e9cial banderoles, remportant ainsi une banderole publicitaire de conception professionnelle avec l\u2019impression correspondante. Nous en avons profit\u00e9 pour filmer un tutoriel pendant la conception\u00a0!<\/p>\n<p><!--more--><\/p>\n<h3>Table des mati\u00e8res de cet article\u00a0:<\/h3>\n<ul>\n<li><a href=\"https:\/\/fr.onlineprinters.ch\/blog\/tutoriel-creation-banderole\/#briefing\">Le briefing<\/a><\/li>\n<li><a href=\"https:\/\/fr.onlineprinters.ch\/blog\/tutoriel-creation-banderole\/#banner-design\">L\u2019id\u00e9e de conception<\/a><\/li>\n<li><a href=\"https:\/\/fr.onlineprinters.ch\/blog\/tutoriel-creation-banderole\/#conception-banniere\">La cr\u00e9ation dans InDesign<\/a><\/li>\n<li><a href=\"https:\/\/fr.onlineprinters.ch\/blog\/tutoriel-creation-banderole\/#export-banniere\">Exporter et imprimer la conception de la banderole publicitaire<\/a><\/li>\n<\/ul>\n<p>&nbsp;<\/p>\n<h2 id=\"briefing\">Le briefing<\/h2>\n<p><a class=\"lightBox\" href=\"https:\/\/fr.onlineprinters.ch\/blog\/wp-content\/uploads\/2018\/07\/1-banderole-publicitaire_briefing.jpg\" rel=\"attachment op-att-6889\" data-relation=\"group\"><img loading=\"lazy\" decoding=\"async\" class=\"td-modal-image alignnone wp-image-10886 size-large\" src=\"https:\/\/fr.onlineprinters.ch\/blog\/wp-content\/uploads\/2018\/07\/1-banderole-publicitaire_briefing-1024x576.jpg\" alt=\"Un guide de conception de banni\u00e8re num\u00e9rique en fran\u00e7ais pr\u00e9sente des informations sur la marque et le logo bleu de Souvenir Manufaktur avec une \u00e9toile, un c\u0153ur et une ancre. Les instructions incluent les polices, les couleurs, le lien vers le site web et un arri\u00e8re-plan minimaliste.\" width=\"696\" height=\"392\" srcset=\"https:\/\/fr.onlineprinters.ch\/blog\/wp-content\/uploads\/2018\/07\/1-banderole-publicitaire_briefing-1024x576.jpg 1024w, https:\/\/fr.onlineprinters.ch\/blog\/wp-content\/uploads\/2018\/07\/1-banderole-publicitaire_briefing-300x169.jpg 300w, https:\/\/fr.onlineprinters.ch\/blog\/wp-content\/uploads\/2018\/07\/1-banderole-publicitaire_briefing-768x432.jpg 768w, https:\/\/fr.onlineprinters.ch\/blog\/wp-content\/uploads\/2018\/07\/1-banderole-publicitaire_briefing-696x392.jpg 696w, https:\/\/fr.onlineprinters.ch\/blog\/wp-content\/uploads\/2018\/07\/1-banderole-publicitaire_briefing-1068x601.jpg 1068w, https:\/\/fr.onlineprinters.ch\/blog\/wp-content\/uploads\/2018\/07\/1-banderole-publicitaire_briefing-747x420.jpg 747w, https:\/\/fr.onlineprinters.ch\/blog\/wp-content\/uploads\/2018\/07\/1-banderole-publicitaire_briefing.jpg 1280w\" sizes=\"(max-width: 696px) 100vw, 696px\" \/><\/a><\/p>\n<p>Avant de commencer la conception de la banderole publicitaire pour le compte de l&rsquo;entreprise AHOJ! Souvenirmanufaktur, nous avons discut\u00e9 des souhaits de conception et des sp\u00e9cifications avec notre interlocuteur. Quel doit \u00eatre le visuel de la banderole\u00a0? Quel texte doit appara\u00eetre sur la banderole\u00a0? Et quelles sont lignes directrices en mati\u00e8re de design d&rsquo;entreprise \u00e0 prendre en compte\u00a0? Les donn\u00e9es suivantes ont ensuite \u00e9t\u00e9 utilis\u00e9es lors de la conception\u00a0:<\/p>\n<ul>\n<li>Banderole PVC, 200\u00a0cm\u00a0x\u00a0100\u00a0cm, 4\/0<\/li>\n<li>Avec ourlet et \u0153illets<\/li>\n<li>D\u00e9nomination sociale\u00a0: AHOJ! Souvenirmanufaktur<\/li>\n<li>Slogan\u00a0: \u00ab\u00a0Des souvenirs qui vous rendent heureux\u00a0!\u00a0\u00bb<\/li>\n<li>Police d\u2019\u00e9criture\u00a0: Berlin Sans FB Regular<\/li>\n<li>Couleur primaire\u00a0: C100 M35 Y0 K40<\/li>\n<li>Couleur de police\u00a0: blanc<\/li>\n<li>Lien vers le site Internet\u00a0: www.souvenirmanufaktur.de<\/li>\n<li>Arri\u00e8re plan\u00a0: simple et r\u00e9duit, pas de surcharges<\/li>\n<\/ul>\n<p>&nbsp;<\/p>\n<div class=\"custom-background custom-background-donts\">\n<h3>Conseil pour la conception de la banderole publicitaire\u00a0:<\/h3>\n<ul>\n<li>Affichez chaque \u00e9l\u00e9ment en grand et de mani\u00e8re clairement visible<\/li>\n<li>Ne surchargez pas la banderole en informations<\/li>\n<\/ul>\n<\/div>\n<p>&nbsp;<\/p>\n<h2 id=\"banner-design\">L\u2019id\u00e9e de conception<\/h2>\n<p>Notre id\u00e9e de conception int\u00e8gre quatre domaines\u00a0:<\/p>\n<p><strong>Arri\u00e8re-plan<\/strong>\u00a0: le ton p\u00e9trole de la couleur primaire est tr\u00e8s beau et convient parfaitement pour remplir tout l&rsquo;arri\u00e8re-plan.<\/p>\n<p><strong>Texte<\/strong>\u00a0: pour le texte, nous avons utilis\u00e9 le slogan \u00ab\u00a0Des souvenirs qui vous rendent heureux\u00a0!\u00a0\u00bb, la d\u00e9nomination sociale \u00ab\u00a0AHOJ! Souvenirmanufaktur\u00a0\u00bb ainsi que l\u2019adresse du site Internet \u00ab\u00a0www.souvenirmanufaktur.de\u00a0\u00bb. Pour une banderole PVC de cette taille, cela ne repr\u00e9sente que peu de texte \u2013 mais c&rsquo;est une bonne chose\u00a0: de cette fa\u00e7on, les \u00e9l\u00e9ments sont mis individuellement en valeur.<\/p>\n<p><strong>Logo<\/strong>\u00a0: le logo fait beaucoup d\u2019effet avec sa forme ronde et ses ornements au centre. C&rsquo;est pourquoi nous l\u2019avons utilis\u00e9 pour attirer l&rsquo;attention.<\/p>\n<p><strong>Couleur du texte<\/strong>\u00a0: la couleur primaire est p\u00e9trole fonc\u00e9, \u00e0 laquelle le blanc demand\u00e9 est parfaitement adapt\u00e9 afin de garantir une lisibilit\u00e9 optimale.<\/p>\n<p>&nbsp;<\/p>\n<h2 id=\"conception-banniere\">La cr\u00e9ation dans InDesign\u00a0: cr\u00e9er pas \u00e0 pas une banderole publicitaire<\/h2>\n<p><a href=\"https:\/\/fr.onlineprinters.ch\/blog\/wp-content\/uploads\/2018\/07\/2-banderole-publicitaire_indesign.jpg\"><img loading=\"lazy\" decoding=\"async\" class=\"td-modal-image alignnone wp-image-10887 size-large\" src=\"https:\/\/fr.onlineprinters.ch\/blog\/wp-content\/uploads\/2018\/07\/2-banderole-publicitaire_indesign-1024x576.jpg\" alt=\"Capture d&#039;\u00e9cran d&#039;Adobe InDesign montrant la fen\u00eatre \u00ab\u00a0Format de document\u00a0\u00bb en fran\u00e7ais, avec les options de num\u00e9rotation, de taille, d&#039;orientation et d&#039;autres param\u00e8tres de page. L&#039;arri\u00e8re-plan montre un document vierge.\" width=\"696\" height=\"392\" srcset=\"https:\/\/fr.onlineprinters.ch\/blog\/wp-content\/uploads\/2018\/07\/2-banderole-publicitaire_indesign-1024x576.jpg 1024w, https:\/\/fr.onlineprinters.ch\/blog\/wp-content\/uploads\/2018\/07\/2-banderole-publicitaire_indesign-300x169.jpg 300w, https:\/\/fr.onlineprinters.ch\/blog\/wp-content\/uploads\/2018\/07\/2-banderole-publicitaire_indesign-768x432.jpg 768w, https:\/\/fr.onlineprinters.ch\/blog\/wp-content\/uploads\/2018\/07\/2-banderole-publicitaire_indesign-696x392.jpg 696w, https:\/\/fr.onlineprinters.ch\/blog\/wp-content\/uploads\/2018\/07\/2-banderole-publicitaire_indesign-1068x601.jpg 1068w, https:\/\/fr.onlineprinters.ch\/blog\/wp-content\/uploads\/2018\/07\/2-banderole-publicitaire_indesign-747x420.jpg 747w, https:\/\/fr.onlineprinters.ch\/blog\/wp-content\/uploads\/2018\/07\/2-banderole-publicitaire_indesign.jpg 1280w\" sizes=\"(max-width: 696px) 100vw, 696px\" \/><\/a><\/p>\n<p>Pour la conception, nous avons utilis\u00e9 <a href=\"https:\/\/fr.onlineprinters.ch\/p\/baches-quadrichrome-couleurs-4-0-baches-pvc-200x100cm\">notre mod\u00e8le InDesign gratuit<\/a> que nous mettons gratuitement \u00e0 disposition pour chacune de nos dimensions dans l\u2019onglet \u00ab\u00a0D\u00e9tails\u00a0\u00bb de la page produit respective dans la boutique en ligne.<\/p>\n<p>&nbsp;<\/p>\n<div class=\"custom-background custom-background-donts\">\n<h3>Notre conseil\u00a0:<\/h3>\n<p>un fond perdu est n\u00e9cessaire pour chaque produit faisant l\u2019objet d\u2019un post-traitement. Pour les banderoles publicitaires, il faut pr\u00e9voir 10\u00a0mm de chaque c\u00f4t\u00e9. Si vous cliquez sur <span class=\"guideline\">Fichier &gt; Configuration du document<\/span> dans le mod\u00e8le, vous verrez que le fond perdu a d\u00e9j\u00e0 \u00e9t\u00e9 pris en compte dans nos mod\u00e8les, car notre fond perdu est inclus dans la taille du document.<\/p>\n<\/div>\n<p>&nbsp;<\/p>\n<p><a href=\"https:\/\/fr.onlineprinters.ch\/blog\/wp-content\/uploads\/2018\/07\/3-banderole-publicitaire_calques.jpg\"><img loading=\"lazy\" decoding=\"async\" class=\"td-modal-image alignnone wp-image-10888 size-large\" src=\"https:\/\/fr.onlineprinters.ch\/blog\/wp-content\/uploads\/2018\/07\/3-banderole-publicitaire_calques-1024x576.jpg\" alt=\"Capture d&#039;\u00e9cran d&#039;Adobe InDesign avec le panneau Nuancier ouvert, affichant diff\u00e9rentes options de couleurs. L&#039;espace de travail est quasiment vide, avec des barres d&#039;outils et des panneaux visibles en haut et \u00e0 droite de l&#039;\u00e9cran.\" width=\"696\" height=\"392\" srcset=\"https:\/\/fr.onlineprinters.ch\/blog\/wp-content\/uploads\/2018\/07\/3-banderole-publicitaire_calques-1024x576.jpg 1024w, https:\/\/fr.onlineprinters.ch\/blog\/wp-content\/uploads\/2018\/07\/3-banderole-publicitaire_calques-300x169.jpg 300w, https:\/\/fr.onlineprinters.ch\/blog\/wp-content\/uploads\/2018\/07\/3-banderole-publicitaire_calques-768x432.jpg 768w, https:\/\/fr.onlineprinters.ch\/blog\/wp-content\/uploads\/2018\/07\/3-banderole-publicitaire_calques-696x392.jpg 696w, https:\/\/fr.onlineprinters.ch\/blog\/wp-content\/uploads\/2018\/07\/3-banderole-publicitaire_calques-1068x601.jpg 1068w, https:\/\/fr.onlineprinters.ch\/blog\/wp-content\/uploads\/2018\/07\/3-banderole-publicitaire_calques-747x420.jpg 747w, https:\/\/fr.onlineprinters.ch\/blog\/wp-content\/uploads\/2018\/07\/3-banderole-publicitaire_calques.jpg 1280w\" sizes=\"(max-width: 696px) 100vw, 696px\" \/><\/a><\/p>\n<p>Dans un premier temps, nous ins\u00e9rons les couleurs et les calques requis. Pour la banderole publicitaire AHOJ!, nous ouvrons dans la fen\u00eatre de calque sous <span class=\"guideline\">Fen\u00eatre &gt; Calques<\/span> le \u00ab\u00a0Calque 1\u00a0\u00bb d\u00e9j\u00e0 existant \u00e0 l\u2019aide d&rsquo;un double clic et le renommons dans \u00ab\u00a0Arri\u00e8re-plan\u00a0\u00bb. Ensuite, nous cr\u00e9ons trois autres calques\u00a0: logo, slogan et texte.<\/p>\n<p>Dans l\u2019\u00e9tape suivante, nous ajoutons la couleur p\u00e9trole fonc\u00e9 pour l\u2019arri\u00e8re-plan et une couleur plus claire pour le slogan.<\/p>\n<p>&nbsp;<\/p>\n<h3><span style=\"font-size: 14pt;\">Arri\u00e8re-plan<\/span><\/h3>\n<p><a href=\"https:\/\/fr.onlineprinters.ch\/blog\/wp-content\/uploads\/2018\/07\/4-banderole-publicitaire_arriere-plan.jpg\"><img loading=\"lazy\" decoding=\"async\" class=\"td-modal-image alignnone wp-image-10889 size-large\" src=\"https:\/\/fr.onlineprinters.ch\/blog\/wp-content\/uploads\/2018\/07\/4-banderole-publicitaire_arriere-plan-1024x576.jpg\" alt=\"Capture d&#039;\u00e9cran d&#039;Adobe InDesign avec un grand rectangle bleu centr\u00e9 sur l&#039;espace de travail. L&#039;interface affiche les barres d&#039;outils, les calques et les r\u00e8gles standard, sans texte ni autre \u00e9l\u00e9ment de conception visible.\" width=\"696\" height=\"392\" srcset=\"https:\/\/fr.onlineprinters.ch\/blog\/wp-content\/uploads\/2018\/07\/4-banderole-publicitaire_arriere-plan-1024x576.jpg 1024w, https:\/\/fr.onlineprinters.ch\/blog\/wp-content\/uploads\/2018\/07\/4-banderole-publicitaire_arriere-plan-300x169.jpg 300w, https:\/\/fr.onlineprinters.ch\/blog\/wp-content\/uploads\/2018\/07\/4-banderole-publicitaire_arriere-plan-768x432.jpg 768w, https:\/\/fr.onlineprinters.ch\/blog\/wp-content\/uploads\/2018\/07\/4-banderole-publicitaire_arriere-plan-696x392.jpg 696w, https:\/\/fr.onlineprinters.ch\/blog\/wp-content\/uploads\/2018\/07\/4-banderole-publicitaire_arriere-plan-1068x601.jpg 1068w, https:\/\/fr.onlineprinters.ch\/blog\/wp-content\/uploads\/2018\/07\/4-banderole-publicitaire_arriere-plan-747x420.jpg 747w, https:\/\/fr.onlineprinters.ch\/blog\/wp-content\/uploads\/2018\/07\/4-banderole-publicitaire_arriere-plan.jpg 1280w\" sizes=\"(max-width: 696px) 100vw, 696px\" \/><\/a><\/p>\n<p>Une fois que ces bases sont pos\u00e9es, nous pouvons commencer la cr\u00e9ation de l\u2019arri\u00e8re-plan. Pour cela, aller dans le calque \u00ab\u00a0arri\u00e8re-plan\u00a0\u00bb et cr\u00e9er \u00e0 l\u2019aide d\u2019un <span class=\"guideline\">Outil rectangle<\/span> un rectangle de dimensions 2020\u00a0mm\u00a0x\u00a01020\u00a0mm. Nous ajustons le rectangle g\u00e9n\u00e9r\u00e9 \u00e0 la taille de la banderole et le colorions \u00e0 l\u2019aide du nuancier en p\u00e9trole fonc\u00e9.<\/p>\n<p>&nbsp;<\/p>\n<div class=\"custom-background custom-background-donts\">\n<h3>Notre conseil\u00a0:<\/h3>\n<p>\u00e0 l\u2019aide du <span class=\"guideline\">Symbole de cadenas<\/span> dans la <span class=\"guideline\">Fen\u00eatre Calque<\/span> vous pouvez verrouiller le calque d\u2019arri\u00e8re plan afin qu&rsquo;il ne puisse pas \u00eatre d\u00e9plac\u00e9 accidentellement.<\/p>\n<\/div>\n<p>&nbsp;<\/p>\n<h3><span style=\"font-size: 14pt;\">Logo\u00a0<\/span><\/h3>\n<p><a href=\"https:\/\/fr.onlineprinters.ch\/blog\/wp-content\/uploads\/2018\/07\/5-banderole-publicitaire_logo.jpg\"><img loading=\"lazy\" decoding=\"async\" class=\"td-modal-image alignnone wp-image-10890 size-large\" src=\"https:\/\/fr.onlineprinters.ch\/blog\/wp-content\/uploads\/2018\/07\/5-banderole-publicitaire_logo-1024x576.jpg\" alt=\"Une interface graphique affiche un rectangle bleu avec un logo circulaire blanc \u00e0 gauche. Ce logo pr\u00e9sente des c\u0153urs, une ancre et le texte \u00ab\u00a0SOUVENIR MANUFAKTUR\u00a0\u00bb en majuscules.\" width=\"696\" height=\"392\" srcset=\"https:\/\/fr.onlineprinters.ch\/blog\/wp-content\/uploads\/2018\/07\/5-banderole-publicitaire_logo-1024x576.jpg 1024w, https:\/\/fr.onlineprinters.ch\/blog\/wp-content\/uploads\/2018\/07\/5-banderole-publicitaire_logo-300x169.jpg 300w, https:\/\/fr.onlineprinters.ch\/blog\/wp-content\/uploads\/2018\/07\/5-banderole-publicitaire_logo-768x432.jpg 768w, https:\/\/fr.onlineprinters.ch\/blog\/wp-content\/uploads\/2018\/07\/5-banderole-publicitaire_logo-696x392.jpg 696w, https:\/\/fr.onlineprinters.ch\/blog\/wp-content\/uploads\/2018\/07\/5-banderole-publicitaire_logo-1068x601.jpg 1068w, https:\/\/fr.onlineprinters.ch\/blog\/wp-content\/uploads\/2018\/07\/5-banderole-publicitaire_logo-747x420.jpg 747w, https:\/\/fr.onlineprinters.ch\/blog\/wp-content\/uploads\/2018\/07\/5-banderole-publicitaire_logo.jpg 1280w\" sizes=\"(max-width: 696px) 100vw, 696px\" \/><\/a><\/p>\n<p>Ensuite, on cr\u00e9e un autre rectangle\u00a0: cliquer \u00e0 l&rsquo;int\u00e9rieur et importer le logo \u00e0 l\u2019aide du raccourci <span class=\"shortcut\">Ctrl<\/span> +<span class=\"shortcut\"> D<\/span> depuis notre PC. Dans notre cas, le logo est plus petit que le carr\u00e9, ce qui ne pr\u00e9sente en g\u00e9n\u00e9ral pas de probl\u00e8me. En effet, nous pouvons adapter le logo \u00e0 l\u2019aide d\u2019un <span class=\"guideline\">Clic droit &gt; Ajuster &gt; Ajuster au cadre<\/span> pour qu\u2019il s\u2019int\u00e8gre parfaitement au cadre. Toujours veiller \u00e0 ce que le logo soit disponible sous forme de graphique vectoriel afin qu&rsquo;il puisse \u00eatre mis \u00e0 l&rsquo;\u00e9chelle sans perte. Si le logo reste flou, ce n&rsquo;est probablement pas parce que la qualit\u00e9 du logo est m\u00e9diocre, mais parce qu&rsquo;InDesign pr\u00e9serve toujours les ressources. Pour afficher le logo en pleine r\u00e9solution, faire un <span class=\"guideline\">Clic droit &gt; Performances d\u2019affichage &gt; Afficher en haute qualit\u00e9<\/span>.<\/p>\n<p>&nbsp;<\/p>\n<h3><span style=\"font-size: 14pt;\">D\u00e9nomination sociale<\/span><\/h3>\n<p><a href=\"https:\/\/fr.onlineprinters.ch\/blog\/wp-content\/uploads\/2018\/07\/6-banderole-publicitaire_denomination-sociale.jpg\"><img loading=\"lazy\" decoding=\"async\" class=\"td-modal-image alignnone wp-image-10891 size-large\" src=\"https:\/\/fr.onlineprinters.ch\/blog\/wp-content\/uploads\/2018\/07\/6-banderole-publicitaire_denomination-sociale-1024x576.jpg\" alt=\"Une maquette de conception graphique bleue pr\u00e9sente un logo circulaire blanc avec des c\u0153urs et une ancre, le texte \u00ab SOUVENIR MANUFAKTUR \u00bb et en dessous, les mots \u00ab AHOI ! Souvenirmanufaktur \u00bb en lettres blanches en gras.\" width=\"696\" height=\"392\" srcset=\"https:\/\/fr.onlineprinters.ch\/blog\/wp-content\/uploads\/2018\/07\/6-banderole-publicitaire_denomination-sociale-1024x576.jpg 1024w, https:\/\/fr.onlineprinters.ch\/blog\/wp-content\/uploads\/2018\/07\/6-banderole-publicitaire_denomination-sociale-300x169.jpg 300w, https:\/\/fr.onlineprinters.ch\/blog\/wp-content\/uploads\/2018\/07\/6-banderole-publicitaire_denomination-sociale-768x432.jpg 768w, https:\/\/fr.onlineprinters.ch\/blog\/wp-content\/uploads\/2018\/07\/6-banderole-publicitaire_denomination-sociale-696x392.jpg 696w, https:\/\/fr.onlineprinters.ch\/blog\/wp-content\/uploads\/2018\/07\/6-banderole-publicitaire_denomination-sociale-1068x601.jpg 1068w, https:\/\/fr.onlineprinters.ch\/blog\/wp-content\/uploads\/2018\/07\/6-banderole-publicitaire_denomination-sociale-747x420.jpg 747w, https:\/\/fr.onlineprinters.ch\/blog\/wp-content\/uploads\/2018\/07\/6-banderole-publicitaire_denomination-sociale.jpg 1280w\" sizes=\"(max-width: 696px) 100vw, 696px\" \/><\/a><\/p>\n<p>\u00c0 l\u2019aide de l\u2019<span class=\"guideline\">Outil texte<\/span> nous dessinons un bloc de texte sous le logo dans lequel nous ins\u00e9rons le nom de l&rsquo;entreprise. Le texte utilise la police Berlin Sans FB Regular et est plac\u00e9 au milieu sous le logo. La taille de police du mot \u00ab\u00a0AHOJ!\u00a0\u00bb est l\u00e9g\u00e8rement plus grande que celle de \u00ab\u00a0Souvenirmanufaktur\u00a0\u00bb.<\/p>\n<p>&nbsp;<\/p>\n<h3><span style=\"font-size: 14pt;\">Site Internet\u00a0<\/span><\/h3>\n<p><a href=\"https:\/\/fr.onlineprinters.ch\/blog\/wp-content\/uploads\/2018\/07\/7-banderole-publicitaire_site-internet.jpg\"><img loading=\"lazy\" decoding=\"async\" class=\"td-modal-image alignnone wp-image-10892 size-large\" src=\"https:\/\/fr.onlineprinters.ch\/blog\/wp-content\/uploads\/2018\/07\/7-banderole-publicitaire_site-internet-1024x576.jpg\" alt=\"Un graphisme bleu avec un logo circulaire blanc repr\u00e9sentant SOUVENIR MANUFAKTUR, des c\u0153urs, une ancre et une fleur. Le texte en dessous indique AHOI! Souvenirmanufaktur et www.souvenirmanufaktur.de.\" width=\"696\" height=\"392\" srcset=\"https:\/\/fr.onlineprinters.ch\/blog\/wp-content\/uploads\/2018\/07\/7-banderole-publicitaire_site-internet-1024x576.jpg 1024w, https:\/\/fr.onlineprinters.ch\/blog\/wp-content\/uploads\/2018\/07\/7-banderole-publicitaire_site-internet-300x169.jpg 300w, https:\/\/fr.onlineprinters.ch\/blog\/wp-content\/uploads\/2018\/07\/7-banderole-publicitaire_site-internet-768x432.jpg 768w, https:\/\/fr.onlineprinters.ch\/blog\/wp-content\/uploads\/2018\/07\/7-banderole-publicitaire_site-internet-696x392.jpg 696w, https:\/\/fr.onlineprinters.ch\/blog\/wp-content\/uploads\/2018\/07\/7-banderole-publicitaire_site-internet-1068x601.jpg 1068w, https:\/\/fr.onlineprinters.ch\/blog\/wp-content\/uploads\/2018\/07\/7-banderole-publicitaire_site-internet-747x420.jpg 747w, https:\/\/fr.onlineprinters.ch\/blog\/wp-content\/uploads\/2018\/07\/7-banderole-publicitaire_site-internet.jpg 1280w\" sizes=\"(max-width: 696px) 100vw, 696px\" \/><\/a><\/p>\n<p>Nous ins\u00e9rons ensuite un autre bloc de texte dans lequel est ins\u00e9r\u00e9e l&rsquo;adresse du site Internet. Nous pla\u00e7ons le bloc de texte, y compris le texte, dans le coin inf\u00e9rieur droit et nous nous assurons que le nom de l&rsquo;entreprise et l&rsquo;adresse du site Web sont harmonieusement align\u00e9s.<\/p>\n<p>&nbsp;<\/p>\n<h3><span style=\"font-size: 14pt;\">Slogan<\/span><\/h3>\n<p><a href=\"https:\/\/fr.onlineprinters.ch\/blog\/wp-content\/uploads\/2018\/07\/8-banderole-publicitaire_slogan.jpg\"><img loading=\"lazy\" decoding=\"async\" class=\"td-modal-image alignnone wp-image-10893 size-large\" src=\"https:\/\/fr.onlineprinters.ch\/blog\/wp-content\/uploads\/2018\/07\/8-banderole-publicitaire_slogan-1024x576.jpg\" alt=\"Graphisme bleu avec un logo circulaire \u00ab\u00a0Souvenir Manufaktur\u00a0\u00bb autour d&#039;un c\u0153ur et d&#039;une ancre, la phrase \u00ab\u00a0Ahoi\u00a0!\u00a0\u00bb en dessous et le texte \u00ab\u00a0Souvenirs machen gl\u00fccklich\u00a0\u00bb en arri\u00e8re-plan. URL du site web en bas de page.\" width=\"696\" height=\"392\" srcset=\"https:\/\/fr.onlineprinters.ch\/blog\/wp-content\/uploads\/2018\/07\/8-banderole-publicitaire_slogan-1024x576.jpg 1024w, https:\/\/fr.onlineprinters.ch\/blog\/wp-content\/uploads\/2018\/07\/8-banderole-publicitaire_slogan-300x169.jpg 300w, https:\/\/fr.onlineprinters.ch\/blog\/wp-content\/uploads\/2018\/07\/8-banderole-publicitaire_slogan-768x432.jpg 768w, https:\/\/fr.onlineprinters.ch\/blog\/wp-content\/uploads\/2018\/07\/8-banderole-publicitaire_slogan-696x392.jpg 696w, https:\/\/fr.onlineprinters.ch\/blog\/wp-content\/uploads\/2018\/07\/8-banderole-publicitaire_slogan-1068x601.jpg 1068w, https:\/\/fr.onlineprinters.ch\/blog\/wp-content\/uploads\/2018\/07\/8-banderole-publicitaire_slogan-747x420.jpg 747w, https:\/\/fr.onlineprinters.ch\/blog\/wp-content\/uploads\/2018\/07\/8-banderole-publicitaire_slogan.jpg 1280w\" sizes=\"(max-width: 696px) 100vw, 696px\" \/><\/a><\/p>\n<p>Enfin, nous ins\u00e9rons le slogan dans le coin sup\u00e9rieur droit. Nous le r\u00e9partissons aussi largement que possible sur l&rsquo;ensemble de l\u2019espace libre. Comme effet d\u2019optique, nous pla\u00e7ons les derni\u00e8res lettres des mots juste \u00e0 l&rsquo;ext\u00e9rieur du gabarit et tournons le slogan vers le haut d&rsquo;environ 10\u00a0degr\u00e9s pour obtenir une ligne ascendante. Pour d\u00e9limiter le slogan, nous ins\u00e9rons des bandes effil\u00e9es en bas et en haut.<\/p>\n<p>&nbsp;<\/p>\n<h2 id=\"export-banniere\">Exporter et imprimer la conception de la banderole<\/h2>\n<p><a href=\"https:\/\/fr.onlineprinters.ch\/blog\/wp-content\/uploads\/2018\/07\/9-banderole-publicitaire_exporter-imprimer.jpg\"><img loading=\"lazy\" decoding=\"async\" class=\"td-modal-image alignnone wp-image-10894 size-large\" src=\"https:\/\/fr.onlineprinters.ch\/blog\/wp-content\/uploads\/2018\/07\/9-banderole-publicitaire_exporter-imprimer-1024x576.jpg\" alt=\"Capture d&#039;\u00e9cran de la fen\u00eatre des param\u00e8tres Exporter au format Adobe PDF dans Adobe InDesign, superpos\u00e9e sur un fond bleu avec du texte graphique blanc et un motif de c\u0153ur, d&#039;ancre et d&#039;\u00e9toile sur la gauche.\" width=\"696\" height=\"392\" srcset=\"https:\/\/fr.onlineprinters.ch\/blog\/wp-content\/uploads\/2018\/07\/9-banderole-publicitaire_exporter-imprimer-1024x576.jpg 1024w, https:\/\/fr.onlineprinters.ch\/blog\/wp-content\/uploads\/2018\/07\/9-banderole-publicitaire_exporter-imprimer-300x169.jpg 300w, https:\/\/fr.onlineprinters.ch\/blog\/wp-content\/uploads\/2018\/07\/9-banderole-publicitaire_exporter-imprimer-768x432.jpg 768w, https:\/\/fr.onlineprinters.ch\/blog\/wp-content\/uploads\/2018\/07\/9-banderole-publicitaire_exporter-imprimer-696x392.jpg 696w, https:\/\/fr.onlineprinters.ch\/blog\/wp-content\/uploads\/2018\/07\/9-banderole-publicitaire_exporter-imprimer-1068x601.jpg 1068w, https:\/\/fr.onlineprinters.ch\/blog\/wp-content\/uploads\/2018\/07\/9-banderole-publicitaire_exporter-imprimer-747x420.jpg 747w, https:\/\/fr.onlineprinters.ch\/blog\/wp-content\/uploads\/2018\/07\/9-banderole-publicitaire_exporter-imprimer.jpg 1280w\" sizes=\"(max-width: 696px) 100vw, 696px\" \/><\/a><\/p>\n<p>Une fois la phase de conception de la banderole en PVC termin\u00e9e, l&rsquo;ensemble de la mise en page peut \u00eatre export\u00e9 et pr\u00e9par\u00e9 pour l&rsquo;impression. Pour cela, ouvrir la fen\u00eatre Exporter \u00e0 l\u2019aide de <span class=\"guideline\">Fichier &gt; Exporter<\/span>. Tous les r\u00e9glages n\u00e9cessaires ont d\u00e9j\u00e0 \u00e9t\u00e9 effectu\u00e9s dans le mod\u00e8le InDesign, de sorte qu&rsquo;aucun autre r\u00e9glage manuel n&rsquo;est n\u00e9cessaire.\u00a0Dans l&rsquo;onglet <span class=\"guideline\">Aper\u00e7u<\/span>, il est possible qu&rsquo;un petit symbole d&rsquo;avertissement s&rsquo;affiche.\u00a0C&rsquo;est simplement parce que le fond perdu n&rsquo;a pas \u00e9t\u00e9 d\u00e9fini s\u00e9par\u00e9ment, mais a \u00e9t\u00e9 sp\u00e9cifi\u00e9 dans la taille du document. Avec un clic sur <span class=\"guideline\">Exporter<\/span>, nous pouvons sauvegarder la mise en page d&rsquo;impression et la faire imprimer dans la boutique en ligne d\u2019Onlineprinters.<\/p>\n<p>&nbsp;<\/p>\n<div class=\"custom-background-grey\">\n<h3>Cr\u00e9dits\u00a0:<\/h3>\n<p><span style=\"font-size: 10pt;\">ce tutoriel est con\u00e7u et comment\u00e9 par le concepteur multim\u00e9dia Christoph Ullrich.<\/span><\/p>\n<p><span style=\"font-size: 10pt;\">Nous aimerions remercier l\u2019entreprise <a href=\"http:\/\/www.souvenirmanufaktur.de\/\" target=\"_blank\" rel=\"noopener\">AHOJ! Souvenirmanufaktur pour sa formidable participation<\/a>.<\/span><\/p>\n<\/div>\n","protected":false},"excerpt":{"rendered":"<p>Les banderoles PVC sont un formidable outil qui vous garantit que la pr\u00e9sentation de votre marque ne passera pas inaper\u00e7ue. Dans les halls d&rsquo;exposition, sur les cl\u00f4tures ou lors d&rsquo;\u00e9v\u00e9nements sportifs, ces grands classiques accrochent tr\u00e8s vite tous les regards. Nous avons r\u00e9cemment donn\u00e9 \u00e0 nos fans facebook l&rsquo;occasion de constater par eux-m\u00eames les qualit\u00e9s [&hellip;]<\/p>\n","protected":false},"author":27,"featured_media":50102,"comment_status":"open","ping_status":"open","sticky":false,"template":"","format":"standard","meta":{"footnotes":""},"categories":[2,4],"tags":[],"yoast_head":"<!-- This site is optimized with the Yoast SEO plugin v24.5 - https:\/\/yoast.com\/wordpress\/plugins\/seo\/ -->\n<title>Cr\u00e9er une banderole\u00a0: voici comment proc\u00e9der \u2013 exemple de l\u2019entreprise AHOJ! Souvenirmanufaktur<\/title>\n<meta name=\"description\" content=\"Comment cr\u00e9er un mod\u00e8le d&#039;impression pour ma banderole publicitaire\u00a0? Nous vous montrons \u00e9tape par \u00e9tape comment concevoir votre banderole personnalis\u00e9e dans InDesign\u00a0!\" \/>\n<meta name=\"robots\" content=\"index, follow, max-snippet:-1, max-image-preview:large, max-video-preview:-1\" \/>\n<link rel=\"canonical\" href=\"https:\/\/fr.onlineprinters.ch\/blog\/tutoriel-creation-banderole\/\" \/>\n<meta property=\"og:locale\" content=\"fr_FR\" \/>\n<meta property=\"og:type\" content=\"article\" \/>\n<meta property=\"og:title\" content=\"Conception d\u2019une banderole publicitaire pour l\u2019entreprise AHOJ! Souvenirmanufaktur\" \/>\n<meta property=\"og:description\" content=\"Comment cr\u00e9er un mod\u00e8le d&#039;impression pour ma banderole publicitaire\u00a0? Nous vous montrons \u00e9tape par \u00e9tape comment concevoir votre banderole personnalis\u00e9e dans InDesign\u00a0!\" \/>\n<meta property=\"og:url\" content=\"https:\/\/fr.onlineprinters.ch\/blog\/tutoriel-creation-banderole\/\" \/>\n<meta property=\"og:site_name\" content=\"onlineprinters.fr Blog\" \/>\n<meta property=\"article:published_time\" content=\"2017-03-07T10:00:33+00:00\" \/>\n<meta property=\"article:modified_time\" content=\"2025-04-29T07:26:21+00:00\" \/>\n<meta property=\"og:image\" content=\"https:\/\/fr.onlineprinters.ch\/blog\/wp-content\/uploads\/2017\/03\/8-banderole-publicitaire_slogan.jpg\" \/>\n\t<meta property=\"og:image:width\" content=\"1280\" \/>\n\t<meta property=\"og:image:height\" content=\"720\" \/>\n\t<meta property=\"og:image:type\" content=\"image\/jpeg\" \/>\n<meta name=\"author\" content=\"Christian\" \/>\n<meta name=\"twitter:card\" content=\"summary_large_image\" \/>\n<meta name=\"twitter:title\" content=\"Conception d\u2019une banderole publicitaire pour l\u2019entreprise AHOJ! Souvenirmanufaktur\" \/>\n<meta name=\"twitter:label1\" content=\"\u00c9crit par\" \/>\n\t<meta name=\"twitter:data1\" content=\"Christian\" \/>\n\t<meta name=\"twitter:label2\" content=\"Dur\u00e9e de lecture estim\u00e9e\" \/>\n\t<meta name=\"twitter:data2\" content=\"6 minutes\" \/>\n<script type=\"application\/ld+json\" class=\"yoast-schema-graph\">{\"@context\":\"https:\/\/schema.org\",\"@graph\":[{\"@type\":\"WebPage\",\"@id\":\"https:\/\/fr.onlineprinters.ch\/blog\/tutoriel-creation-banderole\/\",\"url\":\"https:\/\/fr.onlineprinters.ch\/blog\/tutoriel-creation-banderole\/\",\"name\":\"Cr\u00e9er une banderole\u00a0: voici comment proc\u00e9der \u2013 exemple de l\u2019entreprise AHOJ! Souvenirmanufaktur\",\"isPartOf\":{\"@id\":\"https:\/\/fr.onlineprinters.ch\/blog\/#website\"},\"primaryImageOfPage\":{\"@id\":\"https:\/\/fr.onlineprinters.ch\/blog\/tutoriel-creation-banderole\/#primaryimage\"},\"image\":{\"@id\":\"https:\/\/fr.onlineprinters.ch\/blog\/tutoriel-creation-banderole\/#primaryimage\"},\"thumbnailUrl\":\"https:\/\/fr.onlineprinters.ch\/blog\/wp-content\/uploads\/2017\/03\/8-banderole-publicitaire_slogan.jpg\",\"datePublished\":\"2017-03-07T10:00:33+00:00\",\"dateModified\":\"2025-04-29T07:26:21+00:00\",\"author\":{\"@id\":\"https:\/\/fr.onlineprinters.ch\/blog\/#\/schema\/person\/71f0264c99d311a8e16837b6debd0633\"},\"description\":\"Comment cr\u00e9er un mod\u00e8le d'impression pour ma banderole publicitaire\u00a0? Nous vous montrons \u00e9tape par \u00e9tape comment concevoir votre banderole personnalis\u00e9e dans InDesign\u00a0!\",\"inLanguage\":\"fr-FR\",\"potentialAction\":[{\"@type\":\"ReadAction\",\"target\":[\"https:\/\/fr.onlineprinters.ch\/blog\/tutoriel-creation-banderole\/\"]}]},{\"@type\":\"ImageObject\",\"inLanguage\":\"fr-FR\",\"@id\":\"https:\/\/fr.onlineprinters.ch\/blog\/tutoriel-creation-banderole\/#primaryimage\",\"url\":\"https:\/\/fr.onlineprinters.ch\/blog\/wp-content\/uploads\/2017\/03\/8-banderole-publicitaire_slogan.jpg\",\"contentUrl\":\"https:\/\/fr.onlineprinters.ch\/blog\/wp-content\/uploads\/2017\/03\/8-banderole-publicitaire_slogan.jpg\",\"width\":1280,\"height\":720},{\"@type\":\"WebSite\",\"@id\":\"https:\/\/fr.onlineprinters.ch\/blog\/#website\",\"url\":\"https:\/\/fr.onlineprinters.ch\/blog\/\",\"name\":\"onlineprinters.fr Blog\",\"description\":\"\",\"potentialAction\":[{\"@type\":\"SearchAction\",\"target\":{\"@type\":\"EntryPoint\",\"urlTemplate\":\"https:\/\/fr.onlineprinters.ch\/blog\/?s={search_term_string}\"},\"query-input\":{\"@type\":\"PropertyValueSpecification\",\"valueRequired\":true,\"valueName\":\"search_term_string\"}}],\"inLanguage\":\"fr-FR\"},{\"@type\":\"Person\",\"@id\":\"https:\/\/fr.onlineprinters.ch\/blog\/#\/schema\/person\/71f0264c99d311a8e16837b6debd0633\",\"name\":\"Christian\",\"image\":{\"@type\":\"ImageObject\",\"inLanguage\":\"fr-FR\",\"@id\":\"https:\/\/fr.onlineprinters.ch\/blog\/#\/schema\/person\/image\/\",\"url\":\"https:\/\/fr.onlineprinters.ch\/blog\/wp-content\/plugins\/wp-user-avatar\/deprecated\/wp-user-avatar\/images\/wpua-96x96.png\",\"contentUrl\":\"https:\/\/fr.onlineprinters.ch\/blog\/wp-content\/plugins\/wp-user-avatar\/deprecated\/wp-user-avatar\/images\/wpua-96x96.png\",\"caption\":\"Christian\"},\"description\":\"\u00bbMehr als das Gold hat das Blei die Welt ver\u00e4ndert. Und mehr als das Blei in der Flinte das im Setzkasten.\u00ab Georg Christoph Lichtenberg erinnerte uns schon vor mehr als 200 Jahren daran, wie kostbar freie Information einst war; in diesem Sinne versuche ich, auch in der heutigen Onlinewelt das Wesentliche klar und pr\u00e4gnant zu vermitteln.\",\"url\":\"https:\/\/fr.onlineprinters.ch\/blog\/author\/christian\/\"}]}<\/script>\n<!-- \/ Yoast SEO plugin. -->","yoast_head_json":{"title":"Cr\u00e9er une banderole\u00a0: voici comment proc\u00e9der \u2013 exemple de l\u2019entreprise AHOJ! Souvenirmanufaktur","description":"Comment cr\u00e9er un mod\u00e8le d'impression pour ma banderole publicitaire\u00a0? Nous vous montrons \u00e9tape par \u00e9tape comment concevoir votre banderole personnalis\u00e9e dans InDesign\u00a0!","robots":{"index":"index","follow":"follow","max-snippet":"max-snippet:-1","max-image-preview":"max-image-preview:large","max-video-preview":"max-video-preview:-1"},"canonical":"https:\/\/fr.onlineprinters.ch\/blog\/tutoriel-creation-banderole\/","og_locale":"fr_FR","og_type":"article","og_title":"Conception d\u2019une banderole publicitaire pour l\u2019entreprise AHOJ! Souvenirmanufaktur","og_description":"Comment cr\u00e9er un mod\u00e8le d'impression pour ma banderole publicitaire\u00a0? Nous vous montrons \u00e9tape par \u00e9tape comment concevoir votre banderole personnalis\u00e9e dans InDesign\u00a0!","og_url":"https:\/\/fr.onlineprinters.ch\/blog\/tutoriel-creation-banderole\/","og_site_name":"onlineprinters.fr Blog","article_published_time":"2017-03-07T10:00:33+00:00","article_modified_time":"2025-04-29T07:26:21+00:00","og_image":[{"width":1280,"height":720,"url":"https:\/\/fr.onlineprinters.ch\/blog\/wp-content\/uploads\/2017\/03\/8-banderole-publicitaire_slogan.jpg","type":"image\/jpeg"}],"author":"Christian","twitter_card":"summary_large_image","twitter_title":"Conception d\u2019une banderole publicitaire pour l\u2019entreprise AHOJ! Souvenirmanufaktur","twitter_misc":{"\u00c9crit par":"Christian","Dur\u00e9e de lecture estim\u00e9e":"6 minutes"},"schema":{"@context":"https:\/\/schema.org","@graph":[{"@type":"WebPage","@id":"https:\/\/fr.onlineprinters.ch\/blog\/tutoriel-creation-banderole\/","url":"https:\/\/fr.onlineprinters.ch\/blog\/tutoriel-creation-banderole\/","name":"Cr\u00e9er une banderole\u00a0: voici comment proc\u00e9der \u2013 exemple de l\u2019entreprise AHOJ! Souvenirmanufaktur","isPartOf":{"@id":"https:\/\/fr.onlineprinters.ch\/blog\/#website"},"primaryImageOfPage":{"@id":"https:\/\/fr.onlineprinters.ch\/blog\/tutoriel-creation-banderole\/#primaryimage"},"image":{"@id":"https:\/\/fr.onlineprinters.ch\/blog\/tutoriel-creation-banderole\/#primaryimage"},"thumbnailUrl":"https:\/\/fr.onlineprinters.ch\/blog\/wp-content\/uploads\/2017\/03\/8-banderole-publicitaire_slogan.jpg","datePublished":"2017-03-07T10:00:33+00:00","dateModified":"2025-04-29T07:26:21+00:00","author":{"@id":"https:\/\/fr.onlineprinters.ch\/blog\/#\/schema\/person\/71f0264c99d311a8e16837b6debd0633"},"description":"Comment cr\u00e9er un mod\u00e8le d'impression pour ma banderole publicitaire\u00a0? Nous vous montrons \u00e9tape par \u00e9tape comment concevoir votre banderole personnalis\u00e9e dans InDesign\u00a0!","inLanguage":"fr-FR","potentialAction":[{"@type":"ReadAction","target":["https:\/\/fr.onlineprinters.ch\/blog\/tutoriel-creation-banderole\/"]}]},{"@type":"ImageObject","inLanguage":"fr-FR","@id":"https:\/\/fr.onlineprinters.ch\/blog\/tutoriel-creation-banderole\/#primaryimage","url":"https:\/\/fr.onlineprinters.ch\/blog\/wp-content\/uploads\/2017\/03\/8-banderole-publicitaire_slogan.jpg","contentUrl":"https:\/\/fr.onlineprinters.ch\/blog\/wp-content\/uploads\/2017\/03\/8-banderole-publicitaire_slogan.jpg","width":1280,"height":720},{"@type":"WebSite","@id":"https:\/\/fr.onlineprinters.ch\/blog\/#website","url":"https:\/\/fr.onlineprinters.ch\/blog\/","name":"onlineprinters.fr Blog","description":"","potentialAction":[{"@type":"SearchAction","target":{"@type":"EntryPoint","urlTemplate":"https:\/\/fr.onlineprinters.ch\/blog\/?s={search_term_string}"},"query-input":{"@type":"PropertyValueSpecification","valueRequired":true,"valueName":"search_term_string"}}],"inLanguage":"fr-FR"},{"@type":"Person","@id":"https:\/\/fr.onlineprinters.ch\/blog\/#\/schema\/person\/71f0264c99d311a8e16837b6debd0633","name":"Christian","image":{"@type":"ImageObject","inLanguage":"fr-FR","@id":"https:\/\/fr.onlineprinters.ch\/blog\/#\/schema\/person\/image\/","url":"https:\/\/fr.onlineprinters.ch\/blog\/wp-content\/plugins\/wp-user-avatar\/deprecated\/wp-user-avatar\/images\/wpua-96x96.png","contentUrl":"https:\/\/fr.onlineprinters.ch\/blog\/wp-content\/plugins\/wp-user-avatar\/deprecated\/wp-user-avatar\/images\/wpua-96x96.png","caption":"Christian"},"description":"\u00bbMehr als das Gold hat das Blei die Welt ver\u00e4ndert. Und mehr als das Blei in der Flinte das im Setzkasten.\u00ab Georg Christoph Lichtenberg erinnerte uns schon vor mehr als 200 Jahren daran, wie kostbar freie Information einst war; in diesem Sinne versuche ich, auch in der heutigen Onlinewelt das Wesentliche klar und pr\u00e4gnant zu vermitteln.","url":"https:\/\/fr.onlineprinters.ch\/blog\/author\/christian\/"}]}},"_links":{"self":[{"href":"https:\/\/fr.onlineprinters.ch\/blog\/wp-json\/wp\/v2\/posts\/6838"}],"collection":[{"href":"https:\/\/fr.onlineprinters.ch\/blog\/wp-json\/wp\/v2\/posts"}],"about":[{"href":"https:\/\/fr.onlineprinters.ch\/blog\/wp-json\/wp\/v2\/types\/post"}],"author":[{"embeddable":true,"href":"https:\/\/fr.onlineprinters.ch\/blog\/wp-json\/wp\/v2\/users\/27"}],"replies":[{"embeddable":true,"href":"https:\/\/fr.onlineprinters.ch\/blog\/wp-json\/wp\/v2\/comments?post=6838"}],"version-history":[{"count":10,"href":"https:\/\/fr.onlineprinters.ch\/blog\/wp-json\/wp\/v2\/posts\/6838\/revisions"}],"predecessor-version":[{"id":52432,"href":"https:\/\/fr.onlineprinters.ch\/blog\/wp-json\/wp\/v2\/posts\/6838\/revisions\/52432"}],"wp:featuredmedia":[{"embeddable":true,"href":"https:\/\/fr.onlineprinters.ch\/blog\/wp-json\/wp\/v2\/media\/50102"}],"wp:attachment":[{"href":"https:\/\/fr.onlineprinters.ch\/blog\/wp-json\/wp\/v2\/media?parent=6838"}],"wp:term":[{"taxonomy":"category","embeddable":true,"href":"https:\/\/fr.onlineprinters.ch\/blog\/wp-json\/wp\/v2\/categories?post=6838"},{"taxonomy":"post_tag","embeddable":true,"href":"https:\/\/fr.onlineprinters.ch\/blog\/wp-json\/wp\/v2\/tags?post=6838"}],"curies":[{"name":"wp","href":"https:\/\/api.w.org\/{rel}","templated":true}]}}